{"id":1283,"date":"2026-04-29T21:24:46","date_gmt":"2026-04-29T21:24:46","guid":{"rendered":"https:\/\/www.iternet.cz\/?p=1283"},"modified":"2026-04-29T21:48:19","modified_gmt":"2026-04-29T21:48:19","slug":"kls-v-ostrave","status":"publish","type":"post","link":"https:\/\/www.iternet.cz\/index.php\/2026\/04\/29\/kls-v-ostrave\/","title":{"rendered":"KLS v Ostrav\u011b"},"content":{"rendered":"\n<p>Stra\u0161e\u010dt\u00ed boxe\u0159i SC Nov\u00e9 Stra\u0161ec\u00ed bojovali na KLS v Ostrav\u011b. Na toto ligov\u00e9 kolo jsme vyrazili v po\u010detn\u00e9 v\u00fdprav\u011b (3 tren\u00e9\u0159i a 7 boxer\u016f).<\/p>\n\n\n<div class=\"wp-block-image\">\n<figure class=\"aligncenter size-large\"><img loading=\"lazy\" decoding=\"async\" width=\"724\" height=\"1024\" src=\"https:\/\/www.iternet.cz\/wp-content\/uploads\/2026\/04\/640922462_1510613643918765_5726646036897012138_n-724x1024.jpg\" alt=\"\" class=\"wp-image-1284\" srcset=\"https:\/\/www.iternet.cz\/wp-content\/uploads\/2026\/04\/640922462_1510613643918765_5726646036897012138_n-724x1024.jpg 724w, https:\/\/www.iternet.cz\/wp-content\/uploads\/2026\/04\/640922462_1510613643918765_5726646036897012138_n-212x300.jpg 212w, https:\/\/www.iternet.cz\/wp-content\/uploads\/2026\/04\/640922462_1510613643918765_5726646036897012138_n-768x1087.jpg 768w, https:\/\/www.iternet.cz\/wp-content\/uploads\/2026\/04\/640922462_1510613643918765_5726646036897012138_n.jpg 1080w\" sizes=\"auto, (max-width: 724px) 100vw, 724px\" \/><\/figure>\n<\/div>\n\n\n<p>&#8211; Jako prvn\u00ed vstoupil do ringu nejmlad\u0161\u00ed n\u00e1\u0161 ,,bojovn\u00ed\u010dek&#8220; Filip \u0160tros (12 let) a utkal se s \u0160imonem Le\u0161kem z Ban\u00edku Karvin\u00e1. Pro oba to byl jejich prvn\u00ed ofici\u00e1ln\u00ed z\u00e1pas. V pom\u011brn\u011b vyrovnan\u00e9m z\u00e1pase dvou ,,mla\u010foch\u016f&#8220; na body zv\u00edt\u011bzil n\u00e1\u0161 boxer, kdy rozhodlo v\u00edce viditeln\u00fdch z\u00e1sah\u016f ze z\u00e1kladn\u00ed boxersk\u00e9 kombinace-p\u0159edn\u00ed, zadn\u00ed direkt. Filip \u0160tros v\u00edt\u011bz\u00ed na body <img loading=\"lazy\" decoding=\"async\" height=\"16\" width=\"16\" alt=\"\ud83d\udc4a\" src=\"https:\/\/static.xx.fbcdn.net\/images\/emoji.php\/v9\/t79\/1\/16\/1f44a.png\"><\/p>\n\n\n\n<p>&#8211; Zden\u011bk Janou\u0161ek se utkal se Samuelem Kromerem (SK Kom\u00e1rov). N\u00e1\u0161 boxer po s\u00e9rii \u010dasto smoln\u00fdch por\u00e1\u017eek u\u017e pot\u0159eboval v ringu usp\u011bt a do z\u00e1pasu dal v\u0161echno. Neodradily ho soupe\u0159ovi kontry tvrd\u00fdmi h\u00e1ky, dr\u017eel se taktiky a kolo od kola byl lep\u0161\u00ed. V tomto n\u00e1ro\u010dn\u00e9m z\u00e1pase si n\u00e1\u0161 boxer p\u0159ipisuje d\u016fle\u017eitou v\u00fdhru a sv\u00e9ho soupe\u0159e por\u00e1\u017e\u00ed v\u00fdrokem rozhod\u010d\u00edch na body <img loading=\"lazy\" decoding=\"async\" height=\"16\" width=\"16\" alt=\"\ud83d\udc4a\" src=\"https:\/\/static.xx.fbcdn.net\/images\/emoji.php\/v9\/t79\/1\/16\/1f44a.png\"><\/p>\n\n\n\n<p>&#8211; Jakub Kokot\u00edk boxoval s Ond\u0159ejem Lindovsk\u00fdm (SK Kom\u00e1rov). Na to, \u017ee se jednalo o z\u00e1pas dvou mlad\u00fdch boxer\u016f, co maj\u00ed je\u0161t\u011b m\u00e1lo zku\u0161enost\u00ed, byl z\u00e1pas velice technick\u00fd a to z obou stran. N\u00e1\u0161 boxer byl v ka\u017ed\u00e9m kole o n\u011bco p\u0159esn\u011bj\u0161\u00ed a m\u011bl v\u00edce, pro rozhod\u010d\u00ed, viditeln\u00fdch z\u00e1sah\u016f. V tomto z\u00e1pase op\u011bt vyhr\u00e1v\u00e1me na body <img loading=\"lazy\" decoding=\"async\" height=\"16\" width=\"16\" alt=\"\ud83d\udc4a\" src=\"https:\/\/static.xx.fbcdn.net\/images\/emoji.php\/v9\/t79\/1\/16\/1f44a.png\"><\/p>\n\n\n\n<p>&#8211; Jaroslav Lacina v kategorii Kadet\u016f se utkal s polsk\u00fdm boxerem Mikolajem Rogusem. Jednalo se o z\u00e1pas dvou ,,zku\u0161en\u00fdch&#8220; boxer\u016f (oba u\u017e m\u011bli 10+ z\u00e1pas\u016f). Jaryn na konci prvn\u00edho kola zas\u00e1hl sv\u00e9ho soupe\u0159e vst\u0159\u00edcn\u00fdm h\u00e1kem a po povinn\u00e9m po\u010d\u00edt\u00e1n\u00ed ,,zachr\u00e1nil&#8220; polsk\u00e9ho boxera konec kola. Nakonec n\u00e1\u0161 boxer vyhr\u00e1l v\u0161echna 3 odboxovan\u00e1 kola a z\u00e1pas vyhr\u00e1v\u00e1me jasn\u011b na body <img loading=\"lazy\" decoding=\"async\" height=\"16\" width=\"16\" alt=\"\ud83d\udc4a\" src=\"https:\/\/static.xx.fbcdn.net\/images\/emoji.php\/v9\/t79\/1\/16\/1f44a.png\"><\/p>\n\n\n\n<p>&#8211; Tade\u00e1\u0161 Kettner se utkal s polsk\u00fdm soupe\u0159em Szymonem Tanculou. Tade\u00e1\u0161 chce, sna\u017e\u00ed se, ale v ostr\u00e9m z\u00e1pase zat\u00edm p\u0159edv\u00e1d\u00edme o level hor\u0161\u00ed v\u00fdkony, ne\u017e p\u0159i sparingu. Chce to d\u00e1l makat, sb\u00edrat zku\u0161enosti a n\u00e1\u0161 \u010das p\u0159ijde! Kdyby Tade\u00e1\u0161 zaboxoval jako na tr\u00e9ninku, tak&#8230; V boxu ale nen\u00ed \u017e\u00e1dn\u00e9 ale&#8230; Z\u00e1pas prohr\u00e1v\u00e1me 2:1 na body <img loading=\"lazy\" decoding=\"async\" height=\"16\" width=\"16\" alt=\"\ud83d\udc4a\" src=\"https:\/\/static.xx.fbcdn.net\/images\/emoji.php\/v9\/t79\/1\/16\/1f44a.png\"><\/p>\n\n\n\n<p>-Junior Tom\u00e1\u0161 Ra\u0161man pom\u011b\u0159il s\u00edly s Danielem B\u00f6hmem (kategorie mu\u017e) z FC Ostrava. N\u00e1\u0161 boxer boxuje velmi vysp\u011ble na to, \u017ee m\u00e1 ,,pouze&#8220; 15 z\u00e1pas\u016f a sv\u00e9ho soupe\u0159e ,,rozeb\u00edral&#8220; ji\u017e od prvn\u00edho kola. Soupe\u0159 byl v z\u00e1pase i po\u010d\u00edt\u00e1n po uk\u00e1zkov\u00e9m sidestepu s h\u00e1kem, kter\u00fd nalezl sv\u016fj c\u00edl. Tom\u00e1\u0161 p\u0159edvedl v ringu ,,profesorsk\u00fd&#8220; v\u00fdkon a byl to jeho jeden z nejlep\u0161\u00edch z\u00e1pas\u016f. Utk\u00e1n\u00ed vyhr\u00e1v\u00e1me jasn\u011b na body po t\u0159ech odboxovan\u00fdch kolech <img loading=\"lazy\" decoding=\"async\" height=\"16\" width=\"16\" alt=\"\ud83d\udc4a\" src=\"https:\/\/static.xx.fbcdn.net\/images\/emoji.php\/v9\/t79\/1\/16\/1f44a.png\"><\/p>\n\n\n\n<p>&#8211; Va\u0161ek Bajer se utkal s Radimem Sn\u011bhotou z TB Opava. Soupe\u0159 byl o hlavu vy\u0161\u0161\u00ed a m\u011bli jsme mu co vracet-Va\u0161ek s n\u00edm u\u017e jednou prohr\u00e1l na body. Na dlouhou vzd\u00e1lenost jsme proti vy\u0161\u0161\u00edmu soupe\u0159i s dlouh\u00fdmi direkty nem\u011bli \u0161anci a museli jsme zkracovat vzd\u00e1lenost a soupe\u0159e rozb\u00edjet na kr\u00e1tko. V\u011bd\u011bli jsme, \u017ee n\u00e1s \u010dek\u00e1 fyzicky i psychicky velmi n\u00e1ro\u010dn\u00fd z\u00e1pas, ale zvl\u00e1dli jsme to, kdy rozhodlo t\u0159et\u00ed z\u00e1v\u011bre\u010dn\u00e9 kolo. N\u00e1\u0161 boxer v\u00edt\u011bz\u00ed 2:1 na body <img loading=\"lazy\" decoding=\"async\" height=\"16\" width=\"16\" alt=\"\ud83d\udc4a\" src=\"https:\/\/static.xx.fbcdn.net\/images\/emoji.php\/v9\/t79\/1\/16\/1f44a.png\"><\/p>\n\n\n\n<p>Celkov\u011b si z Ostravy vezeme 6 v\u00fdher a jednu prohru <img loading=\"lazy\" decoding=\"async\" height=\"16\" width=\"16\" alt=\"\ud83d\udcaa\" src=\"https:\/\/static.xx.fbcdn.net\/images\/emoji.php\/v9\/t6c\/1\/16\/1f4aa.png\"><\/p>\n\n\n\n<p>D\u00edky cel\u00e9mu na\u0161emu t\u00fdmu za odvedenou pr\u00e1ci a reprezentaci na\u0161eho odd\u00edlu <img loading=\"lazy\" decoding=\"async\" height=\"16\" width=\"16\" alt=\"\ud83d\ude4f\" src=\"https:\/\/static.xx.fbcdn.net\/images\/emoji.php\/v9\/t80\/1\/16\/1f64f.png\"><\/p>\n\n\n\n<p>SCNS<\/p>\n\n\n\n<figure class=\"wp-block-image size-large\"><img loading=\"lazy\" decoding=\"async\" width=\"1024\" height=\"768\" src=\"https:\/\/www.iternet.cz\/wp-content\/uploads\/2026\/04\/639702693_1510614457252017_8888198756358132498_n-1024x768.jpg\" alt=\"\" class=\"wp-image-1285\" srcset=\"https:\/\/www.iternet.cz\/wp-content\/uploads\/2026\/04\/639702693_1510614457252017_8888198756358132498_n-1024x768.jpg 1024w, https:\/\/www.iternet.cz\/wp-content\/uploads\/2026\/04\/639702693_1510614457252017_8888198756358132498_n-300x225.jpg 300w, https:\/\/www.iternet.cz\/wp-content\/uploads\/2026\/04\/639702693_1510614457252017_8888198756358132498_n-768x576.jpg 768w, https:\/\/www.iternet.cz\/wp-content\/uploads\/2026\/04\/639702693_1510614457252017_8888198756358132498_n-1536x1152.jpg 1536w, https:\/\/www.iternet.cz\/wp-content\/uploads\/2026\/04\/639702693_1510614457252017_8888198756358132498_n-450x338.jpg 450w, https:\/\/www.iternet.cz\/wp-content\/uploads\/2026\/04\/639702693_1510614457252017_8888198756358132498_n.jpg 2048w\" sizes=\"auto, (max-width: 1024px) 100vw, 1024px\" \/><\/figure>\n","protected":false},"excerpt":{"rendered":"<p>Stra\u0161e\u010dt\u00ed boxe\u0159i SC Nov\u00e9 Stra\u0161ec\u00ed bojovali na KLS v Ostrav\u011b. Na toto ligov\u00e9 kolo jsme vyrazili v po\u010detn\u00e9 v\u00fdprav\u011b (3 tren\u00e9\u0159i a 7 boxer\u016f). &#8211; Jako prvn\u00ed vstoupil do ringu nejmlad\u0161\u00ed n\u00e1\u0161 ,,bojovn\u00ed\u010dek&#8220; Filip \u0160tros (12 let) a utkal se s \u0160imonem Le\u0161kem z Ban\u00edku Karvin\u00e1. Pro oba to byl jejich prvn\u00ed ofici\u00e1ln\u00ed z\u00e1pas. V&#8230;<\/p>\n","protected":false},"author":1,"featured_media":1286,"comment_status":"closed","ping_status":"closed","sticky":false,"template":"","format":"standard","meta":{"footnotes":""},"categories":[1,7],"tags":[],"class_list":["post-1283","post","type-post","status-publish","format-standard","has-post-thumbnail","hentry","category-uncategorized","category-novinky"],"_links":{"self":[{"href":"https:\/\/www.iternet.cz\/index.php\/wp-json\/wp\/v2\/posts\/1283","targetHints":{"allow":["GET"]}}],"collection":[{"href":"https:\/\/www.iternet.cz\/index.php\/wp-json\/wp\/v2\/posts"}],"about":[{"href":"https:\/\/www.iternet.cz\/index.php\/wp-json\/wp\/v2\/types\/post"}],"author":[{"embeddable":true,"href":"https:\/\/www.iternet.cz\/index.php\/wp-json\/wp\/v2\/users\/1"}],"replies":[{"embeddable":true,"href":"https:\/\/www.iternet.cz\/index.php\/wp-json\/wp\/v2\/comments?post=1283"}],"version-history":[{"count":1,"href":"https:\/\/www.iternet.cz\/index.php\/wp-json\/wp\/v2\/posts\/1283\/revisions"}],"predecessor-version":[{"id":1287,"href":"https:\/\/www.iternet.cz\/index.php\/wp-json\/wp\/v2\/posts\/1283\/revisions\/1287"}],"wp:featuredmedia":[{"embeddable":true,"href":"https:\/\/www.iternet.cz\/index.php\/wp-json\/wp\/v2\/media\/1286"}],"wp:attachment":[{"href":"https:\/\/www.iternet.cz\/index.php\/wp-json\/wp\/v2\/media?parent=1283"}],"wp:term":[{"taxonomy":"category","embeddable":true,"href":"https:\/\/www.iternet.cz\/index.php\/wp-json\/wp\/v2\/categories?post=1283"},{"taxonomy":"post_tag","embeddable":true,"href":"https:\/\/www.iternet.cz\/index.php\/wp-json\/wp\/v2\/tags?post=1283"}],"curies":[{"name":"wp","href":"https:\/\/api.w.org\/{rel}","templated":true}]}}