{"id":1289,"date":"2026-04-29T22:03:34","date_gmt":"2026-04-29T22:03:34","guid":{"rendered":"https:\/\/www.iternet.cz\/?p=1289"},"modified":"2026-04-29T22:14:37","modified_gmt":"2026-04-29T22:14:37","slug":"mezinarodni-turnaj-trutnov-open","status":"publish","type":"post","link":"https:\/\/www.iternet.cz\/index.php\/2026\/04\/29\/mezinarodni-turnaj-trutnov-open\/","title":{"rendered":"Mezin\u00e1rodn\u00ed turnaj Trutnov Open"},"content":{"rendered":"\n<p>Mezin\u00e1rodn\u00ed turnaj Trutnov Open se konal ve dnech 6-8. 3. 2026.<\/p>\n\n\n<div class=\"wp-block-image\">\n<figure class=\"aligncenter size-large is-resized\"><img loading=\"lazy\" decoding=\"async\" width=\"473\" height=\"1024\" src=\"https:\/\/www.iternet.cz\/wp-content\/uploads\/2026\/04\/649739299_1524162669230529_4830055850118995085_n-473x1024.jpg\" alt=\"\" class=\"wp-image-1292\" style=\"object-fit:cover;width:1599px;height:1200px\" srcset=\"https:\/\/www.iternet.cz\/wp-content\/uploads\/2026\/04\/649739299_1524162669230529_4830055850118995085_n-473x1024.jpg 473w, https:\/\/www.iternet.cz\/wp-content\/uploads\/2026\/04\/649739299_1524162669230529_4830055850118995085_n-139x300.jpg 139w, https:\/\/www.iternet.cz\/wp-content\/uploads\/2026\/04\/649739299_1524162669230529_4830055850118995085_n-768x1663.jpg 768w, https:\/\/www.iternet.cz\/wp-content\/uploads\/2026\/04\/649739299_1524162669230529_4830055850118995085_n-709x1536.jpg 709w, https:\/\/www.iternet.cz\/wp-content\/uploads\/2026\/04\/649739299_1524162669230529_4830055850118995085_n-946x2048.jpg 946w, https:\/\/www.iternet.cz\/wp-content\/uploads\/2026\/04\/649739299_1524162669230529_4830055850118995085_n.jpg 960w\" sizes=\"auto, (max-width: 473px) 100vw, 473px\" \/><\/figure>\n<\/div>\n\n\n<p>Do tohoto velmi kvalitn\u011b obsazen\u00e9ho turnaje nastoupilo i 5 boxer\u016f z SC Nov\u00e9 Stra\u0161ec\u00ed.<\/p>\n\n\n\n<p>M\u00e1me mlad\u00fd t\u00fdm, se kter\u00fdm za\u010d\u00edn\u00e1me tento rok obj\u00ed\u017ed\u011bt i mezin\u00e1rodn\u00ed turnaje a dalo by se \u0159\u00edci, \u017ee v mezin\u00e1rodn\u00edm ringu sb\u00edr\u00e1me hlavn\u011b zku\u0161enosti. To se potvrdilo i zde, proto\u017ee ani jeden z na\u0161ich soupe\u0159\u016f nem\u011bl m\u00e9n\u011b z\u00e1pas\u016f, ne\u017e n\u00e1\u0161 boxer s nejv\u00edce odboxovan\u00fdmi z\u00e1pasy (Jaroslav Lacina, 27 z\u00e1pas\u016f).<\/p>\n\n\n\n<p>-Zden\u011bk Janou\u0161ek se ve fin\u00e1lov\u00e9ho souboji st\u0159etl s Albertem Czene z Ma\u010farska. Jednalo se o souboj v kategorii \u0161koln\u00ed ml\u00e1de\u017e, do 62 kg. Ve velmi technick\u00e9m a z\u00e1rove\u0148 aktivn\u00edm z\u00e1pase, po 3 odboxovan\u00fdch kolech, por\u00e1\u017e\u00ed 3:2 na body n\u00e1\u0161 boxer ma\u010farsk\u00e9ho soupe\u0159e a na turnaji vybojoval zlatou medaili <img loading=\"lazy\" decoding=\"async\" height=\"16\" width=\"16\" alt=\"\ud83e\udd47\" src=\"https:\/\/static.xx.fbcdn.net\/images\/emoji.php\/v9\/t94\/1\/16\/1f947.png\"><\/p>\n\n\n\n<p>-Jaroslav Lacina v ned\u011bln\u00edm fin\u00e1le v kategorii kadet\u016f do 66 kg boxoval s n\u011bkolika n\u00e1sobn\u00fdm mistrem \u010cR Ond\u0159ejem Bursou. Soupe\u0159 byl o rok star\u0161\u00ed a z\u00e1pasov\u011b mnohem zku\u0161en\u011bj\u0161\u00ed. To se projevilo i v z\u00e1pase, kdy n\u00e1s n\u00e1\u0161 soupe\u0159 v ka\u017ed\u00e9m kole technicko-takticky a rychlostn\u011b p\u0159eci jen o n\u011bco p\u0159evy\u0161oval, p\u0159edvedl velmi dobr\u00fd v\u00fdkon a nakonec zv\u00edt\u011bzil na body. Jaroslav Lacina na turnaji vybojoval st\u0159\u00edbrnou medaili <img loading=\"lazy\" decoding=\"async\" height=\"16\" width=\"16\" alt=\"\ud83e\udd48\" src=\"https:\/\/static.xx.fbcdn.net\/images\/emoji.php\/v9\/t15\/1\/16\/1f948.png\"><\/p>\n\n\n\n<p>&#8211; V\u00e1clav Bajer (kategorie junior\u016f do 67 kg) nejprve ve \u010dtvrtfin\u00e1le v n\u00e1ro\u010dn\u00e9m z\u00e1pase porazil Kajuse Kasiliauskase z Litvy a v semifin\u00e1le podlehl nejt\u011bsn\u011bj\u0161\u00edm bodov\u00fdm rozd\u00edlem 3:2 na body Maximilianovi Mikl\u00e1\u0161ovi ze Slovenska a vybojoval na turnaji bronzovou medaili <img loading=\"lazy\" decoding=\"async\" height=\"16\" width=\"16\" alt=\"\ud83e\udd49\" src=\"https:\/\/static.xx.fbcdn.net\/images\/emoji.php\/v9\/t96\/1\/16\/1f949.png\"><\/p>\n\n\n\n<p>N\u00e1\u0161 boxer odboxoval skv\u011bl\u00e9 dva z\u00e1pasy, kde se utkal i s mnohem zku\u0161en\u011bj\u0161\u00edmi soupe\u0159i-jeho soupe\u0159 v semifin\u00e1le m\u011bl u\u017e 120 odboxovan\u00fdch z\u00e1pas\u016f. Va\u0161ek zaslou\u017e\u00ed velkou pochvalu za nasazen\u00ed, kter\u00e9 p\u0159edvedl na turnaji.<\/p>\n\n\n\n<p>-Tom\u00e1\u0161 Ra\u0161man se v semifin\u00e1le junior\u016f do 75 kg utkal se slovensk\u00fdm reprezentantem Karlem \u010c\u00fazem. N\u00e1\u0161 soupe\u0159 byl opravdu velmi kvalitn\u00ed a zku\u0161en\u00fd a to se projevovalo i v z\u00e1pase. Tom\u00e1\u0161 makal, do z\u00e1pasu dal evidentn\u011b v\u0161e na co v sou\u010dasnosti m\u00e1me, ale nesta\u010dilo to. Zat\u00edm&#8230; Klobouk dol\u016f p\u0159ed soupe\u0159em, prohr\u00e1v\u00e1me v semifin\u00e1le a je z toho bronzov\u00e1 medaile <img loading=\"lazy\" decoding=\"async\" height=\"16\" width=\"16\" alt=\"\ud83e\udd49\" src=\"https:\/\/static.xx.fbcdn.net\/images\/emoji.php\/v9\/t96\/1\/16\/1f949.png\"><\/p>\n\n\n\n<p>-Patrik K\u00e1ral boxoval s Tomasem Brazoviczem z Ma\u010farska hned prvn\u00ed den. Op\u011bt zku\u0161en\u011bj\u0161\u00ed soupe\u0159, se kter\u00fdm se n\u00e1m tak n\u011bjak 2 kola da\u0159ilo dr\u017eet krok. Ve t\u0159et\u00edm kole n\u00e1\u0161 boxer u\u017e nezvl\u00e1dal dr\u017eet taktiku a prohr\u00e1v\u00e1me. Jeliko\u017e se jednalo o \u010dtvrfin\u00e1lov\u00fd z\u00e1pas, Patrik odj\u00ed\u017ed\u00ed bez medaile.<\/p>\n\n\n\n<p>D\u00edky cel\u00e9mu na\u0161emu t\u00fdmu za reprezentaci klubu i m\u011bsta a mak\u00e1me d\u00e1l<\/p>\n\n\n<div class=\"wp-block-image\">\n<figure class=\"aligncenter size-large\"><img loading=\"lazy\" decoding=\"async\" width=\"768\" height=\"1024\" src=\"https:\/\/www.iternet.cz\/wp-content\/uploads\/2026\/04\/650878341_1524163292563800_6927999919126446910_n-768x1024.jpg\" alt=\"\" class=\"wp-image-1295\" srcset=\"https:\/\/www.iternet.cz\/wp-content\/uploads\/2026\/04\/650878341_1524163292563800_6927999919126446910_n-768x1024.jpg 768w, https:\/\/www.iternet.cz\/wp-content\/uploads\/2026\/04\/650878341_1524163292563800_6927999919126446910_n-225x300.jpg 225w, https:\/\/www.iternet.cz\/wp-content\/uploads\/2026\/04\/650878341_1524163292563800_6927999919126446910_n-1152x1536.jpg 1152w, https:\/\/www.iternet.cz\/wp-content\/uploads\/2026\/04\/650878341_1524163292563800_6927999919126446910_n.jpg 1536w\" sizes=\"auto, (max-width: 768px) 100vw, 768px\" \/><\/figure>\n<\/div>","protected":false},"excerpt":{"rendered":"<p>Mezin\u00e1rodn\u00ed turnaj Trutnov Open se konal ve dnech 6-8. 3. 2026. Do tohoto velmi kvalitn\u011b obsazen\u00e9ho turnaje nastoupilo i 5 boxer\u016f z SC Nov\u00e9 Stra\u0161ec\u00ed. M\u00e1me mlad\u00fd t\u00fdm, se kter\u00fdm za\u010d\u00edn\u00e1me tento rok obj\u00ed\u017ed\u011bt i mezin\u00e1rodn\u00ed turnaje a dalo by se \u0159\u00edci, \u017ee v mezin\u00e1rodn\u00edm ringu sb\u00edr\u00e1me hlavn\u011b zku\u0161enosti. To se potvrdilo i zde, proto\u017ee&#8230;<\/p>\n","protected":false},"author":1,"featured_media":1290,"comment_status":"closed","ping_status":"closed","sticky":false,"template":"","format":"standard","meta":{"footnotes":""},"categories":[1,7],"tags":[],"class_list":["post-1289","post","type-post","status-publish","format-standard","has-post-thumbnail","hentry","category-uncategorized","category-novinky"],"_links":{"self":[{"href":"https:\/\/www.iternet.cz\/index.php\/wp-json\/wp\/v2\/posts\/1289","targetHints":{"allow":["GET"]}}],"collection":[{"href":"https:\/\/www.iternet.cz\/index.php\/wp-json\/wp\/v2\/posts"}],"about":[{"href":"https:\/\/www.iternet.cz\/index.php\/wp-json\/wp\/v2\/types\/post"}],"author":[{"embeddable":true,"href":"https:\/\/www.iternet.cz\/index.php\/wp-json\/wp\/v2\/users\/1"}],"replies":[{"embeddable":true,"href":"https:\/\/www.iternet.cz\/index.php\/wp-json\/wp\/v2\/comments?post=1289"}],"version-history":[{"count":3,"href":"https:\/\/www.iternet.cz\/index.php\/wp-json\/wp\/v2\/posts\/1289\/revisions"}],"predecessor-version":[{"id":1297,"href":"https:\/\/www.iternet.cz\/index.php\/wp-json\/wp\/v2\/posts\/1289\/revisions\/1297"}],"wp:featuredmedia":[{"embeddable":true,"href":"https:\/\/www.iternet.cz\/index.php\/wp-json\/wp\/v2\/media\/1290"}],"wp:attachment":[{"href":"https:\/\/www.iternet.cz\/index.php\/wp-json\/wp\/v2\/media?parent=1289"}],"wp:term":[{"taxonomy":"category","embeddable":true,"href":"https:\/\/www.iternet.cz\/index.php\/wp-json\/wp\/v2\/categories?post=1289"},{"taxonomy":"post_tag","embeddable":true,"href":"https:\/\/www.iternet.cz\/index.php\/wp-json\/wp\/v2\/tags?post=1289"}],"curies":[{"name":"wp","href":"https:\/\/api.w.org\/{rel}","templated":true}]}}