{"id":989,"date":"2026-04-27T12:52:25","date_gmt":"2026-04-27T12:52:25","guid":{"rendered":"https:\/\/www.iternet.cz\/?p=989"},"modified":"2026-04-29T21:51:08","modified_gmt":"2026-04-29T21:51:08","slug":"halova-sezona-2025","status":"publish","type":"post","link":"https:\/\/www.iternet.cz\/index.php\/2026\/04\/27\/halova-sezona-2025\/","title":{"rendered":"Halov\u00e1 sez\u00f3na 2025"},"content":{"rendered":"\n<p>V leto\u0161n\u00edm roce se na\u0161i atleti poprv\u00e9 z\u00fa\u010dastnili halov\u00e9 \u010d\u00e1sti sez\u00f3ny. Celkem jsme se z\u00fa\u010dastnili \u0161esti z\u00e1vod\u016f.<\/p>\n\n\n\n<p><strong>Prvn\u00ed skupinou, kter\u00e1 odjela do Pra\u017esk\u00e9 atletick\u00e9 haly bylo star\u0161\u00ed \u017eactvo. Konkr\u00e9tn\u011b Samuel Hor\u00e1k, Kate\u0159ina Hrdli\u010dkov\u00e1 a Viktorie J\u00edchov\u00e1.&nbsp;<\/strong><\/p>\n\n\n\n<p>Sam z\u00e1vodil ve sprintu na 60 m, kde se kvalifikoval do &#8222;A\u010dkov\u00e9ho&#8220; fin\u00e1le s \u010dasem 7,92 s. Ve fin\u00e1le zab\u011bhl prakticky stejn\u00fd \u010das 7,93 s a skon\u010dil na sedm\u00e9m m\u00edst\u011b. Jako druhou discipl\u00ednu si vybral vrh koul\u00ed. Vrhnul 12,05 m a skon\u010dil na druh\u00e9m m\u00edst\u011b.<br>Viky z\u00e1vodila tak\u00e9 ve sprintu, s \u010dasem 8,79 s obsadila \u0161est\u00e9 m\u00edsto v rozb\u011bhu. Ve skoku vysok\u00e9m si Viky sko\u010dila sv\u016fj osob\u00e1k 135 cm a skon\u010dila na 14. m\u00edst\u011b.<br>K\u00e1\u0165a z\u00e1vodila pouze v jedn\u00e9 discipl\u00edn\u011b, stejn\u011b jako Viky ve skoku vysok\u00e9m. Povedl se j\u00ed osob\u00e1k, kter\u00fd si vylep\u0161ila na 140 cm.<\/p>\n\n\n\n<p><strong>Druh\u00e1 z\u00e1vodn\u00ed skupina byly dorostenci.&nbsp; Ve slo\u017een\u00ed Ond\u0159ej Eli\u0161ka, Honza Frol\u00edk, Kl\u00e1ra Dou\u0161ov\u00e1 a Radim Sedl\u00e1\u010dek.<\/strong><\/p>\n\n\n\n<p>Za\u010dneme u sprintu. Kl\u00e1ra a Ondra jako koula\u0159i si na t\u00e9to discipl\u00edn\u011b vylep\u0161ili osobn\u00ed rekord. Stejn\u011b tak Honza Frol\u00edk, kter\u00fd i vyhr\u00e1l sv\u016fj rozb\u011bh, na fin\u00e1lovovu \u00fa\u010dast to ale nesta\u010dilo. Radimovi se bohu\u017eel nepoda\u0159il start a do fin\u00e1le tak\u00e9 nepostoupil.<br>Pot\u00e9 p\u0159i\u0161la na \u0159adu dal\u0161\u00ed discipl\u00edna. Vrh koul\u00ed, Kl\u00e1ra s v\u00fdkonem 8,08 m obsadila osm\u00e9 m\u00edsto. Ondra 9,18 m skon\u010dil dvac\u00e1t\u00fd. Posledn\u00ed discipl\u00ednou byl skok vysok\u00fd, ve kter\u00e9m se uk\u00e1zal Radim. S v\u00fdkonem 170 cm moc spokojen\u00fd nebyl, a\u010d se op\u011bt pohyboval na hranici osobn\u00edho rekordu a obsadil dev\u00e1t\u00e9 m\u00edsto. Z\u00e1vody uk\u00e1zaly jak n\u00e1m tren\u00e9r\u016fm, tak hlavn\u011b z\u00e1vodn\u00edk\u016fm jak\u00fd velk\u00fd rozd\u00edl je mezi z\u00e1vody star\u0161\u00edho \u017eactva a dorostu. Hlavn\u011b technik\u00e1 \u00farove\u0148 je u\u017e na velk\u00e9 \u00farovni a m\u00e1me do jarn\u00ed \u010d\u00e1sti na \u010dem pracovat.<br><br>Dal\u0161\u00ed dva z\u00e1vody byly na vypln\u011bn\u00ed kalend\u00e1\u0159e. Honza Frol\u00edk z\u00e1vodil na Kladn\u011b se skoku do d\u00e1lky a sprintu. D\u016fle\u017eit\u00fd z\u00e1vod ale \u010dekal Sama Hor\u00e1ka. Star\u0161\u00edho \u017e\u00e1ka, kter\u00fd bojoval o \u00fa\u010dast na HM\u010cR \u017eactva. Jeho v\u00fdkon z p\u0159eboru mu zat\u00edm zaji\u0161\u0165oval poledn\u00ed kvalifika\u010dn\u00ed p\u0159\u00ed\u010dku. Na t\u011bchto z\u00e1vodech se dok\u00e1zal je\u0161t\u011b zlep\u0161it a t\u00edm si i zajistit m\u00edsto na republice!<\/p>\n\n\n\n<p>Posledn\u00ed skupinou, kter\u00e9 se budeme v\u011bnovat, ne\u017e p\u0159ejdeme k \u00fa\u010dasti na republice. Mlad\u0161\u00ed \u017eactvo \u010dekal krajsk\u00fd p\u0159ebor. Bohu\u017eel na\u0161e \u00fa\u010dast byla velmi omezen\u00e1. Nemoce a hlavn\u011b za\u010d\u00ednaj\u00edc\u00ed jarn\u00ed pr\u00e1zdniny se\u0161krtaly na\u0161i soupisku pouze na Dana Reichela a V\u00e1\u0161u Rus\u0148\u00e1ka. Oba kluci z\u00e1vodili v b\u011bhu na 150 m, dokonce b\u011b\u017eeli i ve stejn\u00e9m rozb\u011bhu V\u00e1\u0161a skon\u010dil s v\u00fdkonem 23 s prvn\u00ed a Dan 23,09 s t\u0159et\u00ed, ani jednomu to ale na postup do fin\u00e1le nesta\u010dilo. Druhou disc\u00edpl\u00ednu si vybrali vrh koul\u00ed a skok do d\u00e1lky. S Danov\u00fdm v\u00fdkonem 387cm jsme docela spokojen\u00ed, vylep\u0161en\u00ed osob\u00e1ku se v\u017edy po\u010d\u00edt\u00e1. V\u00e1\u0161a vrhal, bohu\u017eel jemu se v\u016fbec neda\u0159ilo dvakr\u00e1t se pokus nem\u011b\u0159il a posledn\u00edm pokusem, kter\u00fd m\u011b\u0159il 573 cm obsadil des\u00e1t\u00e9 m\u00edsto.<\/p>\n\n\n\n<p>Celkov\u011b mus\u00edme hodnotit halovou sez\u00f3nu jako nepoda\u0159enou. V\u00fdkony ur\u010dit\u011b nebyly na \u00farovni na kter\u00e9 je chceme m\u00edt. Do jarn\u00ed \u010d\u00e1sti sez\u00f3ny m\u00e1me tedy na \u010dem pracovat! Ale te\u010f k tomu pozitivn\u00edmu co se povedlo.<br><br>Samuel Hor\u00e1k, po letn\u00ed \u00fa\u010dasti a st\u0159\u00edbrn\u00e9 p\u0159\u00ed\u010dky z o\u0161t\u011bpu p\u0159idal dal\u0161\u00ed \u00fa\u010dast mezi elitou \u017eactva v \u010cesk\u00e9 republice. Povedlo se mu kvalifikovat na HM\u010cR 2025 a to ve vrhu koul\u00ed. Narozd\u00edl od o\u0161t\u011bpu, kde m\u00e1 Sam ty nejv\u011bt\u0161\u00ed ambice, je vrh koul\u00ed jako dopl\u0148kov\u00e1 discipl\u00edna. Podle toho se tedy odv\u00edjely i na\u0161e ambice na tento z\u00e1vod. C\u00edlem bylo si zlep\u0161it osob\u00e1k, kter\u00fd do te\u010f byl 12,13 m. Rozcvi\u010den\u00ed, n\u00e1lada a p\u0159ipravenost na z\u00e1vod. V\u0161e bylo p\u0159ipraveno k tomu, aby se c\u00edl splnil. Prvn\u00edm pokusem bohu\u017eel Sam lehce vy\u0161l\u00e1pl z kruhu, pokus to byl vyda\u0159en\u00fd a trouf\u00e1m si \u0159\u00edct, \u017ee let\u011bl za c\u00edlovou metu 12,13 m. Dal\u0161\u00ed pokusy se Samovi u\u017e tolik nepovedli a nejlep\u0161\u00edm v\u00fdkonem 11,63 m bereme 14. m\u00edsto. Osob\u00e1k se tedy p\u0159ekonat nepoda\u0159ilo, ale u\u017e jenom \u00fa\u010dast je velk\u00fdm \u00fasp\u011bchem. Nakonec na fin\u00e1lovou osmi\u010dku sta\u010dilo n\u011bco m\u00e1lo p\u0159es 12,50 m co\u017e je ur\u010dit\u011b i v na\u0161ich sil\u00e1ch. A uvid\u00edme, t\u0159eba na letn\u00ed republice nebudeme obhajovat pouze st\u0159\u00edbro z o\u0161t\u011bpu, ale tak\u00e9 \u00fa\u010dast ve vrhu koul\u00ed z haly.<\/p>\n","protected":false},"excerpt":{"rendered":"<p>V leto\u0161n\u00edm roce se na\u0161i atleti poprv\u00e9 z\u00fa\u010dastnili halov\u00e9 \u010d\u00e1sti sez\u00f3ny. Celkem jsme se z\u00fa\u010dastnili \u0161esti z\u00e1vod\u016f.<\/p>\n","protected":false},"author":1,"featured_media":1288,"comment_status":"closed","ping_status":"closed","sticky":false,"template":"","format":"standard","meta":{"footnotes":""},"categories":[1,7],"tags":[],"class_list":["post-989","post","type-post","status-publish","format-standard","has-post-thumbnail","hentry","category-uncategorized","category-novinky"],"_links":{"self":[{"href":"https:\/\/www.iternet.cz\/index.php\/wp-json\/wp\/v2\/posts\/989","targetHints":{"allow":["GET"]}}],"collection":[{"href":"https:\/\/www.iternet.cz\/index.php\/wp-json\/wp\/v2\/posts"}],"about":[{"href":"https:\/\/www.iternet.cz\/index.php\/wp-json\/wp\/v2\/types\/post"}],"author":[{"embeddable":true,"href":"https:\/\/www.iternet.cz\/index.php\/wp-json\/wp\/v2\/users\/1"}],"replies":[{"embeddable":true,"href":"https:\/\/www.iternet.cz\/index.php\/wp-json\/wp\/v2\/comments?post=989"}],"version-history":[{"count":2,"href":"https:\/\/www.iternet.cz\/index.php\/wp-json\/wp\/v2\/posts\/989\/revisions"}],"predecessor-version":[{"id":991,"href":"https:\/\/www.iternet.cz\/index.php\/wp-json\/wp\/v2\/posts\/989\/revisions\/991"}],"wp:featuredmedia":[{"embeddable":true,"href":"https:\/\/www.iternet.cz\/index.php\/wp-json\/wp\/v2\/media\/1288"}],"wp:attachment":[{"href":"https:\/\/www.iternet.cz\/index.php\/wp-json\/wp\/v2\/media?parent=989"}],"wp:term":[{"taxonomy":"category","embeddable":true,"href":"https:\/\/www.iternet.cz\/index.php\/wp-json\/wp\/v2\/categories?post=989"},{"taxonomy":"post_tag","embeddable":true,"href":"https:\/\/www.iternet.cz\/index.php\/wp-json\/wp\/v2\/tags?post=989"}],"curies":[{"name":"wp","href":"https:\/\/api.w.org\/{rel}","templated":true}]}}